{"id":1516,"date":"2026-01-27T23:58:33","date_gmt":"2026-01-27T22:58:33","guid":{"rendered":"https:\/\/daneefotografie.nl\/?p=1516"},"modified":"2026-01-27T23:58:33","modified_gmt":"2026-01-27T22:58:33","slug":"frans-lex-metropole-orkest","status":"publish","type":"post","link":"https:\/\/daneefotografie.nl\/venloos\/frans-lex-metropole-orkest\/","title":{"rendered":"Frans, Lex &#038; Metropole Orkest"},"content":{"rendered":"<p>Op 25 januari 2026 waas de gro\u00ebte daag det Limburg voor \u00e9\u00edn aovond massaal richting Amsterdam trok. Frans Pollux en Lex Uiting oet Venlo krege 't veur mekaar um mier dan 11.000 minse beej mekaar te bringe in de Ziggo Dome veur 't gro\u00ebtste dialectpopconcert oeit! Same met 't fantastische Metropole Orkes en special guests Chantal Janzen, Emil Szarkowicz en Bart &amp; Tren van Tr\u00e4cks\u00e4ck zatte zeej de gro\u00ebtste popzaal van Nederland op de kop. Ik had de i\u00ebr um same met toppers Sven Jacobs en Larissa Derks deze magische aovend vas te legge op foto. 'T waort d'r eine um noeit mier te vergaete. Die 11.000 minse die elk leedje van veur wies achter meizonge in mien eige dialek goof maetersdiek kiepevel!<\/p>","protected":false},"excerpt":{"rendered":"<p>Op 25 januari 2026 was de grote dag dat Limburg voor \u00e9\u00e9n avond massaal richting Amsterdam trok. Frans Pollux en Lex Uiting uit Venlo kregen het voor elkaar om meer dan 11.000 mensen bij elkaar te brengen in de Ziggo Dome voor het grootste dialectpopconcert ooit! Samen met het fantastische Metropole Orkest en special guests [&hellip;]<\/p>\n","protected":false},"author":3,"featured_media":1542,"comment_status":"open","ping_status":"open","sticky":false,"template":"","format":"standard","meta":{"_acf_changed":false,"footnotes":""},"categories":[15,22],"tags":[],"acf":[],"yoast_head":"<!-- This site is optimized with the Yoast SEO plugin v24.5 - https:\/\/yoast.com\/wordpress\/plugins\/seo\/ -->\n<title>Frans, Lex &amp; Metropole Orkest - DANEE Fotografie<\/title>\n<meta name=\"robots\" content=\"index, follow, max-snippet:-1, max-image-preview:large, max-video-preview:-1\" \/>\n<link rel=\"canonical\" href=\"https:\/\/daneefotografie.nl\/venloos\/frans-lex-metropole-orkest\/\" \/>\n<meta property=\"og:locale\" content=\"en_US\" \/>\n<meta property=\"og:type\" content=\"article\" \/>\n<meta property=\"og:title\" content=\"Frans, Lex &amp; Metropole Orkest - DANEE Fotografie\" \/>\n<meta property=\"og:description\" content=\"Op 25 januari 2026 was de grote dag dat Limburg voor \u00e9\u00e9n avond massaal richting Amsterdam trok. Frans Pollux en Lex Uiting uit Venlo kregen het voor elkaar om meer dan 11.000 mensen bij elkaar te brengen in de Ziggo Dome voor het grootste dialectpopconcert ooit! Samen met het fantastische Metropole Orkest en special guests [&hellip;]\" \/>\n<meta property=\"og:url\" content=\"https:\/\/daneefotografie.nl\/venloos\/frans-lex-metropole-orkest\/\" \/>\n<meta property=\"og:site_name\" content=\"DANEE Fotografie\" \/>\n<meta property=\"article:published_time\" content=\"2026-01-27T22:58:33+00:00\" \/>\n<meta property=\"og:image\" content=\"https:\/\/daneefotografie.nl\/wp-content\/uploads\/2026\/01\/DD_026_Frans-Lex_012526.jpg\" \/>\n\t<meta property=\"og:image:width\" content=\"2048\" \/>\n\t<meta property=\"og:image:height\" content=\"1365\" \/>\n\t<meta property=\"og:image:type\" content=\"image\/jpeg\" \/>\n<meta name=\"author\" content=\"danee\" \/>\n<meta name=\"twitter:card\" content=\"summary_large_image\" \/>\n<meta name=\"twitter:label1\" content=\"Written by\" \/>\n\t<meta name=\"twitter:data1\" content=\"danee\" \/>\n\t<meta name=\"twitter:label2\" content=\"Est. reading time\" \/>\n\t<meta name=\"twitter:data2\" content=\"1 minute\" \/>\n<script type=\"application\/ld+json\" class=\"yoast-schema-graph\">{\"@context\":\"https:\/\/schema.org\",\"@graph\":[{\"@type\":\"Article\",\"@id\":\"https:\/\/daneefotografie.nl\/frans-lex-metropole-orkest\/#article\",\"isPartOf\":{\"@id\":\"https:\/\/daneefotografie.nl\/frans-lex-metropole-orkest\/\"},\"author\":{\"name\":\"danee\",\"@id\":\"https:\/\/daneefotografie.nl\/#\/schema\/person\/e325ef1c20c6c7d50dc9e36e53469e81\"},\"headline\":\"Frans, Lex &#038; Metropole Orkest\",\"datePublished\":\"2026-01-27T22:58:33+00:00\",\"mainEntityOfPage\":{\"@id\":\"https:\/\/daneefotografie.nl\/frans-lex-metropole-orkest\/\"},\"wordCount\":125,\"commentCount\":0,\"publisher\":{\"@id\":\"https:\/\/daneefotografie.nl\/#organization\"},\"image\":{\"@id\":\"https:\/\/daneefotografie.nl\/frans-lex-metropole-orkest\/#primaryimage\"},\"thumbnailUrl\":\"https:\/\/daneefotografie.nl\/wp-content\/uploads\/2026\/01\/DD_026_Frans-Lex_012526.jpg\",\"articleSection\":[\"Evenementen\",\"Theater \/ concert\"],\"inLanguage\":\"venloos\",\"potentialAction\":[{\"@type\":\"CommentAction\",\"name\":\"Comment\",\"target\":[\"https:\/\/daneefotografie.nl\/frans-lex-metropole-orkest\/#respond\"]}]},{\"@type\":\"WebPage\",\"@id\":\"https:\/\/daneefotografie.nl\/frans-lex-metropole-orkest\/\",\"url\":\"https:\/\/daneefotografie.nl\/frans-lex-metropole-orkest\/\",\"name\":\"Frans, Lex & Metropole Orkest - DANEE Fotografie\",\"isPartOf\":{\"@id\":\"https:\/\/daneefotografie.nl\/#website\"},\"primaryImageOfPage\":{\"@id\":\"https:\/\/daneefotografie.nl\/frans-lex-metropole-orkest\/#primaryimage\"},\"image\":{\"@id\":\"https:\/\/daneefotografie.nl\/frans-lex-metropole-orkest\/#primaryimage\"},\"thumbnailUrl\":\"https:\/\/daneefotografie.nl\/wp-content\/uploads\/2026\/01\/DD_026_Frans-Lex_012526.jpg\",\"datePublished\":\"2026-01-27T22:58:33+00:00\",\"breadcrumb\":{\"@id\":\"https:\/\/daneefotografie.nl\/frans-lex-metropole-orkest\/#breadcrumb\"},\"inLanguage\":\"venloos\",\"potentialAction\":[{\"@type\":\"ReadAction\",\"target\":[\"https:\/\/daneefotografie.nl\/frans-lex-metropole-orkest\/\"]}]},{\"@type\":\"ImageObject\",\"inLanguage\":\"venloos\",\"@id\":\"https:\/\/daneefotografie.nl\/frans-lex-metropole-orkest\/#primaryimage\",\"url\":\"https:\/\/daneefotografie.nl\/wp-content\/uploads\/2026\/01\/DD_026_Frans-Lex_012526.jpg\",\"contentUrl\":\"https:\/\/daneefotografie.nl\/wp-content\/uploads\/2026\/01\/DD_026_Frans-Lex_012526.jpg\",\"width\":2048,\"height\":1365},{\"@type\":\"BreadcrumbList\",\"@id\":\"https:\/\/daneefotografie.nl\/frans-lex-metropole-orkest\/#breadcrumb\",\"itemListElement\":[{\"@type\":\"ListItem\",\"position\":1,\"name\":\"Danee Fotografie\",\"item\":\"https:\/\/daneefotografie.nl\/\"},{\"@type\":\"ListItem\",\"position\":2,\"name\":\"Frans, Lex &#038; Metropole Orkest\"}]},{\"@type\":\"WebSite\",\"@id\":\"https:\/\/daneefotografie.nl\/#website\",\"url\":\"https:\/\/daneefotografie.nl\/\",\"name\":\"Danee Fotografie\",\"description\":\"\",\"publisher\":{\"@id\":\"https:\/\/daneefotografie.nl\/#organization\"},\"potentialAction\":[{\"@type\":\"SearchAction\",\"target\":{\"@type\":\"EntryPoint\",\"urlTemplate\":\"https:\/\/daneefotografie.nl\/?s={search_term_string}\"},\"query-input\":{\"@type\":\"PropertyValueSpecification\",\"valueRequired\":true,\"valueName\":\"search_term_string\"}}],\"inLanguage\":\"venloos\"},{\"@type\":\"Organization\",\"@id\":\"https:\/\/daneefotografie.nl\/#organization\",\"name\":\"Danee Fotografie\",\"url\":\"https:\/\/daneefotografie.nl\/\",\"logo\":{\"@type\":\"ImageObject\",\"inLanguage\":\"venloos\",\"@id\":\"https:\/\/daneefotografie.nl\/#\/schema\/logo\/image\/\",\"url\":\"https:\/\/daneefotografie.nl\/wp-content\/uploads\/2024\/05\/DANEE-fotografie-logo.png\",\"contentUrl\":\"https:\/\/daneefotografie.nl\/wp-content\/uploads\/2024\/05\/DANEE-fotografie-logo.png\",\"width\":500,\"height\":500,\"caption\":\"Danee Fotografie\"},\"image\":{\"@id\":\"https:\/\/daneefotografie.nl\/#\/schema\/logo\/image\/\"}},{\"@type\":\"Person\",\"@id\":\"https:\/\/daneefotografie.nl\/#\/schema\/person\/e325ef1c20c6c7d50dc9e36e53469e81\",\"name\":\"danee\",\"image\":{\"@type\":\"ImageObject\",\"inLanguage\":\"venloos\",\"@id\":\"https:\/\/daneefotografie.nl\/#\/schema\/person\/image\/\",\"url\":\"https:\/\/secure.gravatar.com\/avatar\/9c61484a9a67d163757b0bd48e70c126?s=96&d=mm&r=g\",\"contentUrl\":\"https:\/\/secure.gravatar.com\/avatar\/9c61484a9a67d163757b0bd48e70c126?s=96&d=mm&r=g\",\"caption\":\"danee\"},\"url\":\"https:\/\/daneefotografie.nl\/venloos\/author\/danee\/\"}]}<\/script>\n<!-- \/ Yoast SEO plugin. -->","yoast_head_json":{"title":"Frans, Lex & Metropole Orkest - DANEE Fotografie","robots":{"index":"index","follow":"follow","max-snippet":"max-snippet:-1","max-image-preview":"max-image-preview:large","max-video-preview":"max-video-preview:-1"},"canonical":"https:\/\/daneefotografie.nl\/venloos\/frans-lex-metropole-orkest\/","og_locale":"en_US","og_type":"article","og_title":"Frans, Lex & Metropole Orkest - DANEE Fotografie","og_description":"Op 25 januari 2026 was de grote dag dat Limburg voor \u00e9\u00e9n avond massaal richting Amsterdam trok. Frans Pollux en Lex Uiting uit Venlo kregen het voor elkaar om meer dan 11.000 mensen bij elkaar te brengen in de Ziggo Dome voor het grootste dialectpopconcert ooit! Samen met het fantastische Metropole Orkest en special guests [&hellip;]","og_url":"https:\/\/daneefotografie.nl\/venloos\/frans-lex-metropole-orkest\/","og_site_name":"DANEE Fotografie","article_published_time":"2026-01-27T22:58:33+00:00","og_image":[{"width":2048,"height":1365,"url":"https:\/\/daneefotografie.nl\/wp-content\/uploads\/2026\/01\/DD_026_Frans-Lex_012526.jpg","type":"image\/jpeg"}],"author":"danee","twitter_card":"summary_large_image","twitter_misc":{"Written by":"danee","Est. reading time":"1 minute"},"schema":{"@context":"https:\/\/schema.org","@graph":[{"@type":"Article","@id":"https:\/\/daneefotografie.nl\/frans-lex-metropole-orkest\/#article","isPartOf":{"@id":"https:\/\/daneefotografie.nl\/frans-lex-metropole-orkest\/"},"author":{"name":"danee","@id":"https:\/\/daneefotografie.nl\/#\/schema\/person\/e325ef1c20c6c7d50dc9e36e53469e81"},"headline":"Frans, Lex &#038; Metropole Orkest","datePublished":"2026-01-27T22:58:33+00:00","mainEntityOfPage":{"@id":"https:\/\/daneefotografie.nl\/frans-lex-metropole-orkest\/"},"wordCount":125,"commentCount":0,"publisher":{"@id":"https:\/\/daneefotografie.nl\/#organization"},"image":{"@id":"https:\/\/daneefotografie.nl\/frans-lex-metropole-orkest\/#primaryimage"},"thumbnailUrl":"https:\/\/daneefotografie.nl\/wp-content\/uploads\/2026\/01\/DD_026_Frans-Lex_012526.jpg","articleSection":["Evenementen","Theater \/ concert"],"inLanguage":"venloos","potentialAction":[{"@type":"CommentAction","name":"Comment","target":["https:\/\/daneefotografie.nl\/frans-lex-metropole-orkest\/#respond"]}]},{"@type":"WebPage","@id":"https:\/\/daneefotografie.nl\/frans-lex-metropole-orkest\/","url":"https:\/\/daneefotografie.nl\/frans-lex-metropole-orkest\/","name":"Frans, Lex & Metropole Orkest - DANEE Fotografie","isPartOf":{"@id":"https:\/\/daneefotografie.nl\/#website"},"primaryImageOfPage":{"@id":"https:\/\/daneefotografie.nl\/frans-lex-metropole-orkest\/#primaryimage"},"image":{"@id":"https:\/\/daneefotografie.nl\/frans-lex-metropole-orkest\/#primaryimage"},"thumbnailUrl":"https:\/\/daneefotografie.nl\/wp-content\/uploads\/2026\/01\/DD_026_Frans-Lex_012526.jpg","datePublished":"2026-01-27T22:58:33+00:00","breadcrumb":{"@id":"https:\/\/daneefotografie.nl\/frans-lex-metropole-orkest\/#breadcrumb"},"inLanguage":"venloos","potentialAction":[{"@type":"ReadAction","target":["https:\/\/daneefotografie.nl\/frans-lex-metropole-orkest\/"]}]},{"@type":"ImageObject","inLanguage":"venloos","@id":"https:\/\/daneefotografie.nl\/frans-lex-metropole-orkest\/#primaryimage","url":"https:\/\/daneefotografie.nl\/wp-content\/uploads\/2026\/01\/DD_026_Frans-Lex_012526.jpg","contentUrl":"https:\/\/daneefotografie.nl\/wp-content\/uploads\/2026\/01\/DD_026_Frans-Lex_012526.jpg","width":2048,"height":1365},{"@type":"BreadcrumbList","@id":"https:\/\/daneefotografie.nl\/frans-lex-metropole-orkest\/#breadcrumb","itemListElement":[{"@type":"ListItem","position":1,"name":"Danee Fotografie","item":"https:\/\/daneefotografie.nl\/"},{"@type":"ListItem","position":2,"name":"Frans, Lex &#038; Metropole Orkest"}]},{"@type":"WebSite","@id":"https:\/\/daneefotografie.nl\/#website","url":"https:\/\/daneefotografie.nl\/","name":"Danee Fotografie","description":"","publisher":{"@id":"https:\/\/daneefotografie.nl\/#organization"},"potentialAction":[{"@type":"SearchAction","target":{"@type":"EntryPoint","urlTemplate":"https:\/\/daneefotografie.nl\/?s={search_term_string}"},"query-input":{"@type":"PropertyValueSpecification","valueRequired":true,"valueName":"search_term_string"}}],"inLanguage":"venloos"},{"@type":"Organization","@id":"https:\/\/daneefotografie.nl\/#organization","name":"Danee Fotografie","url":"https:\/\/daneefotografie.nl\/","logo":{"@type":"ImageObject","inLanguage":"venloos","@id":"https:\/\/daneefotografie.nl\/#\/schema\/logo\/image\/","url":"https:\/\/daneefotografie.nl\/wp-content\/uploads\/2024\/05\/DANEE-fotografie-logo.png","contentUrl":"https:\/\/daneefotografie.nl\/wp-content\/uploads\/2024\/05\/DANEE-fotografie-logo.png","width":500,"height":500,"caption":"Danee Fotografie"},"image":{"@id":"https:\/\/daneefotografie.nl\/#\/schema\/logo\/image\/"}},{"@type":"Person","@id":"https:\/\/daneefotografie.nl\/#\/schema\/person\/e325ef1c20c6c7d50dc9e36e53469e81","name":"danee","image":{"@type":"ImageObject","inLanguage":"venloos","@id":"https:\/\/daneefotografie.nl\/#\/schema\/person\/image\/","url":"https:\/\/secure.gravatar.com\/avatar\/9c61484a9a67d163757b0bd48e70c126?s=96&d=mm&r=g","contentUrl":"https:\/\/secure.gravatar.com\/avatar\/9c61484a9a67d163757b0bd48e70c126?s=96&d=mm&r=g","caption":"danee"},"url":"https:\/\/daneefotografie.nl\/venloos\/author\/danee\/"}]}},"_links":{"self":[{"href":"https:\/\/daneefotografie.nl\/venloos\/wp-json\/wp\/v2\/posts\/1516"}],"collection":[{"href":"https:\/\/daneefotografie.nl\/venloos\/wp-json\/wp\/v2\/posts"}],"about":[{"href":"https:\/\/daneefotografie.nl\/venloos\/wp-json\/wp\/v2\/types\/post"}],"author":[{"embeddable":true,"href":"https:\/\/daneefotografie.nl\/venloos\/wp-json\/wp\/v2\/users\/3"}],"replies":[{"embeddable":true,"href":"https:\/\/daneefotografie.nl\/venloos\/wp-json\/wp\/v2\/comments?post=1516"}],"version-history":[{"count":1,"href":"https:\/\/daneefotografie.nl\/venloos\/wp-json\/wp\/v2\/posts\/1516\/revisions"}],"predecessor-version":[{"id":1567,"href":"https:\/\/daneefotografie.nl\/venloos\/wp-json\/wp\/v2\/posts\/1516\/revisions\/1567"}],"wp:featuredmedia":[{"embeddable":true,"href":"https:\/\/daneefotografie.nl\/venloos\/wp-json\/wp\/v2\/media\/1542"}],"wp:attachment":[{"href":"https:\/\/daneefotografie.nl\/venloos\/wp-json\/wp\/v2\/media?parent=1516"}],"wp:term":[{"taxonomy":"category","embeddable":true,"href":"https:\/\/daneefotografie.nl\/venloos\/wp-json\/wp\/v2\/categories?post=1516"},{"taxonomy":"post_tag","embeddable":true,"href":"https:\/\/daneefotografie.nl\/venloos\/wp-json\/wp\/v2\/tags?post=1516"}],"curies":[{"name":"wp","href":"https:\/\/api.w.org\/{rel}","templated":true}]}}